{"id":1190,"date":"2018-02-21T16:48:20","date_gmt":"2018-02-21T15:48:20","guid":{"rendered":"http:\/\/cca-lyon.fr\/?p=1190"},"modified":"2018-02-22T09:54:08","modified_gmt":"2018-02-22T08:54:08","slug":"un-bon-anniversaire","status":"publish","type":"post","link":"https:\/\/cca-lyon.fr\/index.php\/2018\/02\/21\/un-bon-anniversaire\/","title":{"rendered":"Un bon anniversaire\u00a0"},"content":{"rendered":"<p>&nbsp;<\/p>\n<p>Une belle journ\u00e9e a<img loading=\"lazy\" decoding=\"async\" class=\"size-medium wp-image-1196 alignleft\" src=\"http:\/\/cca-lyon.fr\/wp-content\/uploads\/2018\/02\/IMG_1842-300x200.jpg\" alt=\"\" width=\"300\" height=\"200\" srcset=\"https:\/\/cca-lyon.fr\/wp-content\/uploads\/2018\/02\/IMG_1842-300x200.jpg 300w, https:\/\/cca-lyon.fr\/wp-content\/uploads\/2018\/02\/IMG_1842-768x512.jpg 768w, https:\/\/cca-lyon.fr\/wp-content\/uploads\/2018\/02\/IMG_1842-1024x683.jpg 1024w, https:\/\/cca-lyon.fr\/wp-content\/uploads\/2018\/02\/IMG_1842-600x400.jpg 600w\" sizes=\"auto, (max-width: 300px) 100vw, 300px\" \/>u CCA pour c\u00e9l\u00e9brer le 174<sup>\u00e8me<\/sup>\u00a0 anniversaire du club et le franchissement du cap des 100 licenci\u00e9s FFB.<\/p>\n<p>10 jeunes de l&rsquo;\u00e9cole de billard, deux filles et huit gar\u00e7ons \u00e2g\u00e9s de 8 \u00e0 15 ans, ont disput\u00e9 toute la journ\u00e9e une rencontre passionn\u00e9e.<\/p>\n<p>La finale s&rsquo;est d\u00e9roul\u00e9e en fin d&rsquo;apr\u00e8s-midi devant pr\u00e8s de 50 spectateurs qui ont longuement et chaleureusement encourag\u00e9 les joueurs, applaudissant chaque point.<\/p>\n<p>Il fallait un vainqueur : c&rsquo;est Tiago qui a gagn\u00e9, devan\u00e7ant Liam de quelques points.<\/p>\n<p>Le plus extraordinaire, c&rsquo;est que ces deux gar\u00e7ons ont commenc\u00e9 le billard il y \u00e0 peine 3 mois.<\/p>\n<p>Evidemment le\u00a0r\u00e8glement \u00e9tait adapt\u00e9 \u00e0 leur niveau, puisqu&rsquo;ils ont jou\u00e9 avec 4 billes : mais ils ont montr\u00e9 tous deux un sens tactique impressionnant tout autant qu&rsquo;une technique tr\u00e8s prometteuse.<\/p>\n<p>Mais tous les participants sont \u00e0 f\u00e9liciter pour leur enthousiasme et leur sportivit\u00e9.<\/p>\n<p>C&rsquo;est ce qu&rsquo;a tenu \u00e0 souligner le pr\u00e9sident de la FFB, Jean-Paul Sinanian, lors de la remise des prix. Il a tenu \u00e9galement \u00e0 f\u00e9liciter le club pour son dynamisme et avou\u00e9 le plaisir qu&rsquo;il avait \u00e0 voir une salle de billard remplie de jeunes.<\/p>\n<p><img loading=\"lazy\" decoding=\"async\" class=\"size-medium wp-image-1191 alignright\" src=\"http:\/\/cca-lyon.fr\/wp-content\/uploads\/2018\/02\/IMG_1986-300x200.jpg\" alt=\"\" width=\"300\" height=\"200\" srcset=\"https:\/\/cca-lyon.fr\/wp-content\/uploads\/2018\/02\/IMG_1986-300x200.jpg 300w, https:\/\/cca-lyon.fr\/wp-content\/uploads\/2018\/02\/IMG_1986-768x512.jpg 768w, https:\/\/cca-lyon.fr\/wp-content\/uploads\/2018\/02\/IMG_1986-1024x683.jpg 1024w, https:\/\/cca-lyon.fr\/wp-content\/uploads\/2018\/02\/IMG_1986-600x400.jpg 600w\" sizes=\"auto, (max-width: 300px) 100vw, 300px\" \/><\/p>\n<p>Une d\u00e9monstration de billard artistique par Guy Duplomb a suivi. Toujours appr\u00e9ci\u00e9, ce type d&rsquo;exhibition reste un moment inoubliable par le trajet improbable des billes qui paraissent s&rsquo;affranchir les lois de la physique. Tout cela avec les explications, le sourire et le sentiment de facilit\u00e9 que donne Guy (facilit\u00e9 qui n&rsquo;est \u00e9videmment qu&rsquo;apparente \u2026).<\/p>\n<p>Claude Schaffran, le pr\u00e9sident du CCA a soulign\u00e9 lors de son discours, le bel \u00e9tat du club dont tous les indicateurs chiffr\u00e9s et surtout peut \u00eatre les indicateurs non-chiffr\u00e9s (ambiance, convivialit\u00e9, dynamisme, bienveillance, b\u00e9n\u00e9volat, \u2026) sont au vert.<\/p>\n<p>Il a r\u00e9sum\u00e9 en quelques mots les craintes et les espoirs pour l&rsquo;avenir du club. En effet si le club est en plein d\u00e9veloppement, nous butons sur un probl\u00e8me d&rsquo;exigu\u00eft\u00e9 de locaux :<\/p>\n<p>\u00ab\u00a0Nous sommes le 8<sup>\u00e8me<\/sup> club fran\u00e7ais \u00e0 d\u00e9passer les 100 licenci\u00e9s (107 \u00e0 ce jour) et le premier club de la r\u00e9gion Auvergne Rh\u00f4ne-Alpes. Et sans doute aussi une des plus petites salles parmi les clubs de la r\u00e9gion.<img loading=\"lazy\" decoding=\"async\" class=\"size-medium wp-image-1193 alignright\" src=\"http:\/\/cca-lyon.fr\/wp-content\/uploads\/2018\/02\/IMG_1803-300x200.jpg\" alt=\"\" width=\"300\" height=\"200\" srcset=\"https:\/\/cca-lyon.fr\/wp-content\/uploads\/2018\/02\/IMG_1803-300x200.jpg 300w, https:\/\/cca-lyon.fr\/wp-content\/uploads\/2018\/02\/IMG_1803-768x512.jpg 768w, https:\/\/cca-lyon.fr\/wp-content\/uploads\/2018\/02\/IMG_1803-1024x683.jpg 1024w, https:\/\/cca-lyon.fr\/wp-content\/uploads\/2018\/02\/IMG_1803-600x400.jpg 600w\" sizes=\"auto, (max-width: 300px) 100vw, 300px\" \/><\/p>\n<p>Les locaux que nous occupons appartiennent \u00e0 la ville de Lyon et nous avons un voisin qui lorgne depuis longtemps sur ces locaux et souhaiterait \u00e9tendre son EHPAD.<\/p>\n<p>Il s&rsquo;agit l\u00e0 d&rsquo;une partie de billard avec de nombreuses bandes : l&rsquo;issue en est incertaine, mais le club tient en main quelques atouts et n&rsquo;a pas dit son dernier mot.\u00a0\u00bb<\/p>\n<p>Le reste de la soir\u00e9e \u00e9tait consacr\u00e9 \u00e0 la partie festive : nos chefs, Louis et Laurent, ont une fois de plus \u00e9t\u00e9 excellents en nous r\u00e9galant d&rsquo;une soupe \u00e0 l&rsquo;oignon et d&rsquo;une raclette.<\/p>\n<p>Beaucoup de monde, une ambiance chaleureuse qui a compens\u00e9 la temp\u00e9rature ext\u00e9rieure plut\u00f4t fra\u00eeche :\u00a0 tout cela s&rsquo;est termin\u00e9 tr\u00e8s tard,<\/p>\n<p>Une bien belle journ\u00e9e\u00a0 \u00a0 \u00a0 \u00a0<img loading=\"lazy\" decoding=\"async\" class=\" wp-image-1197 aligncenter\" src=\"http:\/\/cca-lyon.fr\/wp-content\/uploads\/2018\/02\/MG_1964-300x200.jpg\" alt=\"\" width=\"248\" height=\"165\" srcset=\"https:\/\/cca-lyon.fr\/wp-content\/uploads\/2018\/02\/MG_1964-300x200.jpg 300w, https:\/\/cca-lyon.fr\/wp-content\/uploads\/2018\/02\/MG_1964-768x512.jpg 768w, https:\/\/cca-lyon.fr\/wp-content\/uploads\/2018\/02\/MG_1964-1024x683.jpg 1024w, https:\/\/cca-lyon.fr\/wp-content\/uploads\/2018\/02\/MG_1964-600x400.jpg 600w\" sizes=\"auto, (max-width: 248px) 100vw, 248px\" \/><\/p>\n<p>&nbsp;<\/p>\n","protected":false},"excerpt":{"rendered":"<p>&nbsp; Une belle journ\u00e9e au CCA pour c\u00e9l\u00e9brer le 174\u00e8me\u00a0 anniversaire du club et le franchissement du cap des 100 licenci\u00e9s FFB. 10 jeunes de l&rsquo;\u00e9cole de billard, deux filles et huit gar\u00e7ons \u00e2g\u00e9s de 8 \u00e0 15 ans, ont disput\u00e9 toute la journ\u00e9e une rencontre passionn\u00e9e. La finale s&rsquo;est d\u00e9roul\u00e9e en fin d&rsquo;apr\u00e8s-midi devant [&hellip;]<\/p>\n","protected":false},"author":11,"featured_media":0,"comment_status":"closed","ping_status":"open","sticky":false,"template":"","format":"standard","meta":{"footnotes":""},"categories":[7],"tags":[],"class_list":["post-1190","post","type-post","status-publish","format-standard","hentry","category-filactualites"],"_links":{"self":[{"href":"https:\/\/cca-lyon.fr\/index.php\/wp-json\/wp\/v2\/posts\/1190","targetHints":{"allow":["GET"]}}],"collection":[{"href":"https:\/\/cca-lyon.fr\/index.php\/wp-json\/wp\/v2\/posts"}],"about":[{"href":"https:\/\/cca-lyon.fr\/index.php\/wp-json\/wp\/v2\/types\/post"}],"author":[{"embeddable":true,"href":"https:\/\/cca-lyon.fr\/index.php\/wp-json\/wp\/v2\/users\/11"}],"replies":[{"embeddable":true,"href":"https:\/\/cca-lyon.fr\/index.php\/wp-json\/wp\/v2\/comments?post=1190"}],"version-history":[{"count":4,"href":"https:\/\/cca-lyon.fr\/index.php\/wp-json\/wp\/v2\/posts\/1190\/revisions"}],"predecessor-version":[{"id":1204,"href":"https:\/\/cca-lyon.fr\/index.php\/wp-json\/wp\/v2\/posts\/1190\/revisions\/1204"}],"wp:attachment":[{"href":"https:\/\/cca-lyon.fr\/index.php\/wp-json\/wp\/v2\/media?parent=1190"}],"wp:term":[{"taxonomy":"category","embeddable":true,"href":"https:\/\/cca-lyon.fr\/index.php\/wp-json\/wp\/v2\/categories?post=1190"},{"taxonomy":"post_tag","embeddable":true,"href":"https:\/\/cca-lyon.fr\/index.php\/wp-json\/wp\/v2\/tags?post=1190"}],"curies":[{"name":"wp","href":"https:\/\/api.w.org\/{rel}","templated":true}]}}