{"id":1684,"date":"2020-02-25T18:46:28","date_gmt":"2020-02-25T17:46:28","guid":{"rendered":"http:\/\/cca-lyon.fr\/?p=1684"},"modified":"2020-02-25T18:46:28","modified_gmt":"2020-02-25T17:46:28","slug":"un-anniversaire-reussi","status":"publish","type":"post","link":"https:\/\/cca-lyon.fr\/index.php\/2020\/02\/25\/un-anniversaire-reussi\/","title":{"rendered":"UN ANNIVERSAIRE REUSSI"},"content":{"rendered":"<p>Voil\u00e0 c&rsquo;est fait, le CCA, avec une m\u00e9t\u00e9o printani\u00e8re, a encore pris 1 an mais a toujours si peu de rides au bout de 176 ans. La bonne humeur coupl\u00e9e \u00e0 la jeunesse de son \u00e9cole de billard lui permette de passer les si\u00e8cles sans encombre.<\/p>\n<p>Le 18 f\u00e9vrier c&rsquo;est en g\u00e9n\u00e9ral l\u2019effervescence au CCA. Cette ann\u00e9e n&rsquo;a pas fait exception \u00e0 la r\u00e8gle avec des petites mains qui s&rsquo;activaient en cuisine depuis le week-end pr\u00e9c\u00e9dent la manifestation. Des chants canuts sont venus agr\u00e9menter cette soir\u00e9e, interpr\u00e9t\u00e9s par les ch\u0153urs d&rsquo;hommes de Lyon, association bien plus jeune que la n\u00f4tre car cr\u00e9\u00e9e en 1862. Une salle comble \u00e9tait venue \u00e9couter un \u00ab\u00a0concentr\u00e9 po\u00e9tique et r\u00e9volutionnaire mondialo-croix-roussien\u00a0\u00bb.<\/p>\n<p>Le 18 f\u00e9vrier c&rsquo;est aussi l&rsquo;occasion de f\u00e9liciter les jeunes de l&rsquo;\u00e9cole de billard \u00e0 qui il a \u00e9t\u00e9 remis les dipl\u00f4mes d&rsquo;encouragement pour les plus \u00ab\u00a0anciens\u00a0\u00bb, le billard de bronze pour les n\u00e9o d\u00e9butants et la premi\u00e8re bille pour les d\u00e9butants. 14 jeunes qui dynamisent le club par leurs sourires et leur bonne humeur.<\/p>\n<p><img loading=\"lazy\" decoding=\"async\" class=\"wp-image-1612 alignleft\" src=\"http:\/\/cca-lyon.fr\/wp-content\/uploads\/2019\/11\/bravo2-300x300.jpg\" alt=\"\" width=\"110\" height=\"110\" srcset=\"https:\/\/cca-lyon.fr\/wp-content\/uploads\/2019\/11\/bravo2-300x300.jpg 300w, https:\/\/cca-lyon.fr\/wp-content\/uploads\/2019\/11\/bravo2-150x150.jpg 150w, https:\/\/cca-lyon.fr\/wp-content\/uploads\/2019\/11\/bravo2.jpg 379w\" sizes=\"auto, (max-width: 110px) 100vw, 110px\" \/>Apr\u00e8s les traditionnels et tr\u00e8s attendus discours de notre pr\u00e9sident, Claude Schaffran et du pr\u00e9sident de la ligue, Christian Baizet, un repas sous forme de buffet \u00e9tait servi sous les barnums install\u00e9s dans la cour. Et encore une fois la r\u00e9putation du CCA s&rsquo;est vue r\u00e9compens\u00e9e par des, \u00ab\u00a0c&rsquo;est dr\u00f4lement bon, parfait, on se r\u00e9gale, je peux encore en avoir\u00a0\u00bb. Alors bravo \u00e0 toutes les personnes qui se sont mobilis\u00e9es pour faire de ce moment une vraie r\u00e9ussite et \u00e0 l&rsquo;ann\u00e9e prochaine. Mais en attendant une autre manifestation va demander l&rsquo;\u00e9nergie du plus grand nombre, la finale du championnat de France \u00e0 1 bande, du 20 au 23 mars prochain, qui va regrouper les 16 meilleurs joueurs fran\u00e7ais de la cat\u00e9gorie.<\/p>\n<p>&nbsp;<\/p>\n<div id='gallery-1' class='gallery galleryid-1684 gallery-columns-3 gallery-size-large'><dl class='gallery-item'>\n\t\t\t<dt class='gallery-icon landscape'>\n\t\t\t\t<a href='https:\/\/cca-lyon.fr\/index.php\/2020\/02\/25\/un-anniversaire-reussi\/dsc_0967\/'><img loading=\"lazy\" decoding=\"async\" width=\"720\" height=\"480\" src=\"https:\/\/cca-lyon.fr\/wp-content\/uploads\/2020\/02\/DSC_0967-1024x683.jpg\" class=\"attachment-large size-large\" alt=\"\" srcset=\"https:\/\/cca-lyon.fr\/wp-content\/uploads\/2020\/02\/DSC_0967-1024x683.jpg 1024w, https:\/\/cca-lyon.fr\/wp-content\/uploads\/2020\/02\/DSC_0967-300x200.jpg 300w, https:\/\/cca-lyon.fr\/wp-content\/uploads\/2020\/02\/DSC_0967-768x513.jpg 768w, https:\/\/cca-lyon.fr\/wp-content\/uploads\/2020\/02\/DSC_0967-600x400.jpg 600w\" sizes=\"auto, (max-width: 720px) 100vw, 720px\" \/><\/a>\n\t\t\t<\/dt><\/dl><dl class='gallery-item'>\n\t\t\t<dt class='gallery-icon landscape'>\n\t\t\t\t<a href='https:\/\/cca-lyon.fr\/index.php\/2020\/02\/25\/un-anniversaire-reussi\/dsc_0976\/'><img loading=\"lazy\" decoding=\"async\" width=\"720\" height=\"478\" src=\"https:\/\/cca-lyon.fr\/wp-content\/uploads\/2020\/02\/DSC_0976-1024x680.jpg\" class=\"attachment-large size-large\" alt=\"\" srcset=\"https:\/\/cca-lyon.fr\/wp-content\/uploads\/2020\/02\/DSC_0976-1024x680.jpg 1024w, https:\/\/cca-lyon.fr\/wp-content\/uploads\/2020\/02\/DSC_0976-300x199.jpg 300w, https:\/\/cca-lyon.fr\/wp-content\/uploads\/2020\/02\/DSC_0976-768x510.jpg 768w, https:\/\/cca-lyon.fr\/wp-content\/uploads\/2020\/02\/DSC_0976-600x399.jpg 600w\" sizes=\"auto, (max-width: 720px) 100vw, 720px\" \/><\/a>\n\t\t\t<\/dt><\/dl><dl class='gallery-item'>\n\t\t\t<dt class='gallery-icon landscape'>\n\t\t\t\t<a href='https:\/\/cca-lyon.fr\/index.php\/2020\/02\/25\/un-anniversaire-reussi\/dsc_1001\/'><img loading=\"lazy\" decoding=\"async\" width=\"720\" height=\"480\" src=\"https:\/\/cca-lyon.fr\/wp-content\/uploads\/2020\/02\/DSC_1001-1024x683.jpg\" class=\"attachment-large size-large\" alt=\"\" srcset=\"https:\/\/cca-lyon.fr\/wp-content\/uploads\/2020\/02\/DSC_1001-1024x683.jpg 1024w, https:\/\/cca-lyon.fr\/wp-content\/uploads\/2020\/02\/DSC_1001-300x200.jpg 300w, https:\/\/cca-lyon.fr\/wp-content\/uploads\/2020\/02\/DSC_1001-768x512.jpg 768w, https:\/\/cca-lyon.fr\/wp-content\/uploads\/2020\/02\/DSC_1001-600x400.jpg 600w\" sizes=\"auto, (max-width: 720px) 100vw, 720px\" \/><\/a>\n\t\t\t<\/dt><\/dl><br style=\"clear: both\" \/><dl class='gallery-item'>\n\t\t\t<dt class='gallery-icon landscape'>\n\t\t\t\t<a href='https:\/\/cca-lyon.fr\/index.php\/2020\/02\/25\/un-anniversaire-reussi\/dsc_0994\/'><img loading=\"lazy\" decoding=\"async\" width=\"720\" height=\"478\" src=\"https:\/\/cca-lyon.fr\/wp-content\/uploads\/2020\/02\/DSC_0994-1024x680.jpg\" class=\"attachment-large size-large\" alt=\"\" srcset=\"https:\/\/cca-lyon.fr\/wp-content\/uploads\/2020\/02\/DSC_0994-1024x680.jpg 1024w, https:\/\/cca-lyon.fr\/wp-content\/uploads\/2020\/02\/DSC_0994-300x199.jpg 300w, https:\/\/cca-lyon.fr\/wp-content\/uploads\/2020\/02\/DSC_0994-768x510.jpg 768w, https:\/\/cca-lyon.fr\/wp-content\/uploads\/2020\/02\/DSC_0994-600x399.jpg 600w\" sizes=\"auto, (max-width: 720px) 100vw, 720px\" \/><\/a>\n\t\t\t<\/dt><\/dl><dl class='gallery-item'>\n\t\t\t<dt class='gallery-icon landscape'>\n\t\t\t\t<a href='https:\/\/cca-lyon.fr\/index.php\/2020\/02\/25\/un-anniversaire-reussi\/dsc_1009\/'><img loading=\"lazy\" decoding=\"async\" width=\"720\" height=\"478\" src=\"https:\/\/cca-lyon.fr\/wp-content\/uploads\/2020\/02\/DSC_1009-1024x680.jpg\" class=\"attachment-large size-large\" alt=\"\" srcset=\"https:\/\/cca-lyon.fr\/wp-content\/uploads\/2020\/02\/DSC_1009-1024x680.jpg 1024w, https:\/\/cca-lyon.fr\/wp-content\/uploads\/2020\/02\/DSC_1009-300x199.jpg 300w, https:\/\/cca-lyon.fr\/wp-content\/uploads\/2020\/02\/DSC_1009-768x510.jpg 768w, https:\/\/cca-lyon.fr\/wp-content\/uploads\/2020\/02\/DSC_1009-600x399.jpg 600w\" sizes=\"auto, (max-width: 720px) 100vw, 720px\" \/><\/a>\n\t\t\t<\/dt><\/dl><dl class='gallery-item'>\n\t\t\t<dt class='gallery-icon landscape'>\n\t\t\t\t<a href='https:\/\/cca-lyon.fr\/index.php\/2020\/02\/25\/un-anniversaire-reussi\/dsc_0992\/'><img loading=\"lazy\" decoding=\"async\" width=\"720\" height=\"478\" src=\"https:\/\/cca-lyon.fr\/wp-content\/uploads\/2020\/02\/DSC_0992-1024x680.jpg\" class=\"attachment-large size-large\" alt=\"\" srcset=\"https:\/\/cca-lyon.fr\/wp-content\/uploads\/2020\/02\/DSC_0992-1024x680.jpg 1024w, https:\/\/cca-lyon.fr\/wp-content\/uploads\/2020\/02\/DSC_0992-300x199.jpg 300w, https:\/\/cca-lyon.fr\/wp-content\/uploads\/2020\/02\/DSC_0992-768x510.jpg 768w, https:\/\/cca-lyon.fr\/wp-content\/uploads\/2020\/02\/DSC_0992-600x399.jpg 600w\" sizes=\"auto, (max-width: 720px) 100vw, 720px\" \/><\/a>\n\t\t\t<\/dt><\/dl><br style=\"clear: both\" \/>\n\t\t<\/div>\n\n","protected":false},"excerpt":{"rendered":"<p>Voil\u00e0 c&rsquo;est fait, le CCA, avec une m\u00e9t\u00e9o printani\u00e8re, a encore pris 1 an mais a toujours si peu de rides au bout de 176 ans. La bonne humeur coupl\u00e9e \u00e0 la jeunesse de son \u00e9cole de billard lui permette de passer les si\u00e8cles sans encombre. Le 18 f\u00e9vrier c&rsquo;est en g\u00e9n\u00e9ral l\u2019effervescence au CCA. [&hellip;]<\/p>\n","protected":false},"author":4,"featured_media":0,"comment_status":"closed","ping_status":"open","sticky":false,"template":"","format":"standard","meta":{"footnotes":""},"categories":[7],"tags":[],"class_list":["post-1684","post","type-post","status-publish","format-standard","hentry","category-filactualites"],"_links":{"self":[{"href":"https:\/\/cca-lyon.fr\/index.php\/wp-json\/wp\/v2\/posts\/1684","targetHints":{"allow":["GET"]}}],"collection":[{"href":"https:\/\/cca-lyon.fr\/index.php\/wp-json\/wp\/v2\/posts"}],"about":[{"href":"https:\/\/cca-lyon.fr\/index.php\/wp-json\/wp\/v2\/types\/post"}],"author":[{"embeddable":true,"href":"https:\/\/cca-lyon.fr\/index.php\/wp-json\/wp\/v2\/users\/4"}],"replies":[{"embeddable":true,"href":"https:\/\/cca-lyon.fr\/index.php\/wp-json\/wp\/v2\/comments?post=1684"}],"version-history":[{"count":6,"href":"https:\/\/cca-lyon.fr\/index.php\/wp-json\/wp\/v2\/posts\/1684\/revisions"}],"predecessor-version":[{"id":1698,"href":"https:\/\/cca-lyon.fr\/index.php\/wp-json\/wp\/v2\/posts\/1684\/revisions\/1698"}],"wp:attachment":[{"href":"https:\/\/cca-lyon.fr\/index.php\/wp-json\/wp\/v2\/media?parent=1684"}],"wp:term":[{"taxonomy":"category","embeddable":true,"href":"https:\/\/cca-lyon.fr\/index.php\/wp-json\/wp\/v2\/categories?post=1684"},{"taxonomy":"post_tag","embeddable":true,"href":"https:\/\/cca-lyon.fr\/index.php\/wp-json\/wp\/v2\/tags?post=1684"}],"curies":[{"name":"wp","href":"https:\/\/api.w.org\/{rel}","templated":true}]}}