{"id":2530,"date":"2024-02-12T12:42:37","date_gmt":"2024-02-12T11:42:37","guid":{"rendered":"http:\/\/cca-lyon.fr\/?p=2530"},"modified":"2024-02-12T12:42:38","modified_gmt":"2024-02-12T11:42:38","slug":"encore-presque","status":"publish","type":"post","link":"https:\/\/cca-lyon.fr\/index.php\/2024\/02\/12\/encore-presque\/","title":{"rendered":"ENCORE PRESQUE"},"content":{"rendered":"\n<div class=\"wp-block-image\"><figure class=\"alignleft is-resized\"><img loading=\"lazy\" decoding=\"async\" src=\"http:\/\/cca-lyon.fr\/wp-content\/uploads\/2019\/11\/bravo2.jpg\" alt=\"\" class=\"wp-image-1612\" width=\"133\" height=\"133\" srcset=\"https:\/\/cca-lyon.fr\/wp-content\/uploads\/2019\/11\/bravo2.jpg 379w, https:\/\/cca-lyon.fr\/wp-content\/uploads\/2019\/11\/bravo2-150x150.jpg 150w, https:\/\/cca-lyon.fr\/wp-content\/uploads\/2019\/11\/bravo2-300x300.jpg 300w\" sizes=\"auto, (max-width: 133px) 100vw, 133px\" \/><\/figure><\/div>\n\n\n\n<p>\n\nPatrick Brochand qui participait \u00e0 la finale de district r\u00e9gional 3 ne put rien faire face \u00e0 l&rsquo;armada de l&rsquo;ABOL d&rsquo;Ecully. Il terminera 5\u00e8me de cette finale en remportant 2 de ses 5 parties. Allez la saison est termin\u00e9e, on pr\u00e9pare la suivante&#8230;.<a href=\"https:\/\/www.telemat.org\/FFBI\/sif\/?cs=4.02cdb8b7ca5baff65bd493741068c3c6bec6f983530a93dd984c75b69eaeb46a93fa\">ICI<\/a> les r\u00e9sultats de la finale.\n\n<\/p>\n\n\n\n<div class=\"wp-block-image\"><figure class=\"alignleft is-resized\"><img loading=\"lazy\" decoding=\"async\" src=\"http:\/\/cca-lyon.fr\/wp-content\/uploads\/2024\/02\/IMG_0822-1024x768.jpg\" alt=\"\" class=\"wp-image-2529\" width=\"253\" height=\"190\" srcset=\"https:\/\/cca-lyon.fr\/wp-content\/uploads\/2024\/02\/IMG_0822-1024x768.jpg 1024w, https:\/\/cca-lyon.fr\/wp-content\/uploads\/2024\/02\/IMG_0822-300x225.jpg 300w, https:\/\/cca-lyon.fr\/wp-content\/uploads\/2024\/02\/IMG_0822-768x576.jpg 768w, https:\/\/cca-lyon.fr\/wp-content\/uploads\/2024\/02\/IMG_0822-50x38.jpg 50w\" sizes=\"auto, (max-width: 253px) 100vw, 253px\" \/><\/figure><\/div>\n\n\n\n<p>Les quilleurs du plateau \u00e9taient tous r\u00e9unis pour le 4\u00e8me et avant dernier tournoi r\u00e9gional de la saison \u00e0 Villefranche. 34 joueurs sur la ligne de d\u00e9part&#8230;toujours impressionnant l&rsquo;ambiance qui y r\u00e8gne.<\/p>\n\n\n\n<p>Tous nos quilleurs pour la premi\u00e8re fois de la saison passent le cap des poules de qualification pour int\u00e9grer le tournoi principal qui regroupe 16 joueurs. A ce stade des 1\/8 de finale l&rsquo;\u00e9cr\u00e9mage commence avec l&rsquo;\u00e9limination de Laurent (je fais expr\u00e8s de le mettre en premier) puis d&rsquo;Ali (votre serviteur). En 1\/4 de finale c&rsquo;est au tour de Philippe de se faire \u00e9liminer par le champion de ligue de la saison pr\u00e9c\u00e9dente, Modaferi Renato de Chamb\u00e9ry. Philippe sera \u00ab\u00a0veng\u00e9\u00a0\u00bb par Sylvain qui apr\u00e8s avoir \u00e9limin\u00e9 en 1\/4 de finale un favori \u00e0 la victoire, Xavier Domingo de Romans, gagne brillement sa place pour la finale dans une partie bien maitris\u00e9e.<\/p>\n\n\n\n<p>La finale contre le grand favori de la comp\u00e9tition, Carmelo Mendola de Sainte-Croix est \u00e2pre et apr\u00e8s un combat acharn\u00e9 qui se terminera avec un \u00e9cart de seulement 10 points, c&rsquo;est donc presque Sylvain qui l&#8217;emporte. <a href=\"https:\/\/www.billard-auvergne-rhone-alpes.com\/document\/file9341.pdf\">ICI<\/a> en derni\u00e8re page le classement de ce tournoi et <a href=\"https:\/\/www.billard-auvergne-rhone-alpes.com\/document\/file9340.pdf\">LA<\/a> le classement g\u00e9n\u00e9ral avant l&rsquo;ultime tournoi fin mars qui qualifiera les 8 premiers.<\/p>\n\n\n\n<p>Nos quilleurs sont pr\u00eats et ont affut\u00e9 leur mat\u00e9riel pour le prochain tournoi national qui se d\u00e9roulera \u00e0 Morangis, au sud de Paris, le premier week-end de mars.<\/p>\n\n\n\n<div class=\"wp-block-image\"><figure class=\"alignleft is-resized\"><img loading=\"lazy\" decoding=\"async\" src=\"http:\/\/cca-lyon.fr\/wp-content\/uploads\/2019\/01\/A-VENIR.jpg\" alt=\"\" class=\"wp-image-1360\" width=\"166\" height=\"106\" srcset=\"https:\/\/cca-lyon.fr\/wp-content\/uploads\/2019\/01\/A-VENIR.jpg 322w, https:\/\/cca-lyon.fr\/wp-content\/uploads\/2019\/01\/A-VENIR-300x192.jpg 300w\" sizes=\"auto, (max-width: 166px) 100vw, 166px\" \/><\/figure><\/div>\n\n\n\n<p>Finale de district 1 bande r\u00e9gionale 2 \u00e0 Bourgoin : Notre Pr\u00e9sident, Claude Bleton, sera l&rsquo;unique repr\u00e9sentant du CCA. Tout le monde se joint \u00e0 moi pour lui souhaiter d&rsquo;enfin transformer les PRESQUE en VICTOIRE.<\/p>\n","protected":false},"excerpt":{"rendered":"<p>Patrick Brochand qui participait \u00e0 la finale de district r\u00e9gional 3 ne put rien faire face \u00e0 l&rsquo;armada de l&rsquo;ABOL d&rsquo;Ecully. Il terminera 5\u00e8me de cette finale en remportant 2 de ses 5 parties. Allez la saison est termin\u00e9e, on pr\u00e9pare la suivante&#8230;.ICI les r\u00e9sultats de la finale. Les quilleurs du plateau \u00e9taient tous r\u00e9unis [&hellip;]<\/p>\n","protected":false},"author":4,"featured_media":0,"comment_status":"closed","ping_status":"open","sticky":false,"template":"","format":"standard","meta":{"footnotes":""},"categories":[1],"tags":[],"class_list":["post-2530","post","type-post","status-publish","format-standard","hentry","category-non-classe"],"_links":{"self":[{"href":"https:\/\/cca-lyon.fr\/index.php\/wp-json\/wp\/v2\/posts\/2530","targetHints":{"allow":["GET"]}}],"collection":[{"href":"https:\/\/cca-lyon.fr\/index.php\/wp-json\/wp\/v2\/posts"}],"about":[{"href":"https:\/\/cca-lyon.fr\/index.php\/wp-json\/wp\/v2\/types\/post"}],"author":[{"embeddable":true,"href":"https:\/\/cca-lyon.fr\/index.php\/wp-json\/wp\/v2\/users\/4"}],"replies":[{"embeddable":true,"href":"https:\/\/cca-lyon.fr\/index.php\/wp-json\/wp\/v2\/comments?post=2530"}],"version-history":[{"count":13,"href":"https:\/\/cca-lyon.fr\/index.php\/wp-json\/wp\/v2\/posts\/2530\/revisions"}],"predecessor-version":[{"id":2543,"href":"https:\/\/cca-lyon.fr\/index.php\/wp-json\/wp\/v2\/posts\/2530\/revisions\/2543"}],"wp:attachment":[{"href":"https:\/\/cca-lyon.fr\/index.php\/wp-json\/wp\/v2\/media?parent=2530"}],"wp:term":[{"taxonomy":"category","embeddable":true,"href":"https:\/\/cca-lyon.fr\/index.php\/wp-json\/wp\/v2\/categories?post=2530"},{"taxonomy":"post_tag","embeddable":true,"href":"https:\/\/cca-lyon.fr\/index.php\/wp-json\/wp\/v2\/tags?post=2530"}],"curies":[{"name":"wp","href":"https:\/\/api.w.org\/{rel}","templated":true}]}}