{"id":2561,"date":"2024-03-25T16:12:44","date_gmt":"2024-03-25T15:12:44","guid":{"rendered":"http:\/\/cca-lyon.fr\/?p=2561"},"modified":"2024-03-25T16:12:56","modified_gmt":"2024-03-25T15:12:56","slug":"le-premier-2","status":"publish","type":"post","link":"https:\/\/cca-lyon.fr\/index.php\/2024\/03\/25\/le-premier-2\/","title":{"rendered":"Le premier !"},"content":{"rendered":"\n<figure class=\"wp-block-image is-resized\"><img loading=\"lazy\" decoding=\"async\" src=\"http:\/\/cca-lyon.fr\/wp-content\/uploads\/2024\/03\/PHOTO-2024-03-23-08-53-58-1024x768.jpg\" alt=\"\" class=\"wp-image-2560\" width=\"411\" height=\"308\" srcset=\"https:\/\/cca-lyon.fr\/wp-content\/uploads\/2024\/03\/PHOTO-2024-03-23-08-53-58-1024x768.jpg 1024w, https:\/\/cca-lyon.fr\/wp-content\/uploads\/2024\/03\/PHOTO-2024-03-23-08-53-58-300x225.jpg 300w, https:\/\/cca-lyon.fr\/wp-content\/uploads\/2024\/03\/PHOTO-2024-03-23-08-53-58-768x576.jpg 768w, https:\/\/cca-lyon.fr\/wp-content\/uploads\/2024\/03\/PHOTO-2024-03-23-08-53-58-50x38.jpg 50w, https:\/\/cca-lyon.fr\/wp-content\/uploads\/2024\/03\/PHOTO-2024-03-23-08-53-58.jpg 1600w\" sizes=\"auto, (max-width: 411px) 100vw, 411px\" \/><\/figure>\n\n\n\n\n\n<p>Samedi dernier se jouait \u00e0 Romans-sur-Is\u00e8re le cinqui\u00e8me et dernier tournoi r\u00e9gional aux 5 quilles de la saison. Les quilleurs du plateau \u00e9taient de la partie \u00e0 l&rsquo;exception de Laurent qui se m\u00e9nage pour le tournoi national d&rsquo;Ecully le 1er week-end d&rsquo;avril.<\/p>\n\n\n\n<p>32 joueurs \u00e9taient r\u00e9unis et apr\u00e8s une phase de qualification sans encombre&#8230;ou presque, nos quilleurs int\u00e8grent tous les 3 le tournoi principal.<\/p>\n\n\n\n<p>Philippe se retrouve dans la partie haute du tableau alors que Sylvain et Ali sont dans la partie basse, ce qui peut faire une confrontation CCA vs CCA en demi-finale&#8230;<\/p>\n\n\n\n<p>Malheureusement le parcours de Philippe s&rsquo;arr\u00eate, une fois n&rsquo;est pas coutume, au stade des 1\/8eme de finale. Sylvain et Ali quant \u00e0 eux ont maitris\u00e9 leurs adversaires respectifs pour s&rsquo;imposer assez largement.<\/p>\n\n\n\n<p>Le quart de finale ne sera qu&rsquo;une formalit\u00e9 pour Sylvain alors que pour Ali il f\u00fbt \u00e2prement disput\u00e9 mais se soldera par une victoire.<\/p>\n\n\n\n<figure class=\"wp-block-image\"><img loading=\"lazy\" decoding=\"async\" width=\"1024\" height=\"461\" src=\"http:\/\/cca-lyon.fr\/wp-content\/uploads\/2024\/03\/PHOTO-2024-03-23-19-19-44-1024x461.jpg\" alt=\"\" class=\"wp-image-2558\" srcset=\"https:\/\/cca-lyon.fr\/wp-content\/uploads\/2024\/03\/PHOTO-2024-03-23-19-19-44-1024x461.jpg 1024w, https:\/\/cca-lyon.fr\/wp-content\/uploads\/2024\/03\/PHOTO-2024-03-23-19-19-44-300x135.jpg 300w, https:\/\/cca-lyon.fr\/wp-content\/uploads\/2024\/03\/PHOTO-2024-03-23-19-19-44-768x346.jpg 768w, https:\/\/cca-lyon.fr\/wp-content\/uploads\/2024\/03\/PHOTO-2024-03-23-19-19-44-50x23.jpg 50w, https:\/\/cca-lyon.fr\/wp-content\/uploads\/2024\/03\/PHOTO-2024-03-23-19-19-44.jpg 1600w\" sizes=\"auto, (max-width: 1024px) 100vw, 1024px\" \/><figcaption>De gauche \u00e0 droite, Sylvain\/Ali\/Julian et Jules<\/figcaption><\/figure>\n\n\n\n<p>La bonne nouvelle dans tous ces r\u00e9sultats c&rsquo;est que le CCA sera repr\u00e9sent\u00e9 en finale, car les chemins de Sylvain et d&rsquo;Ali se croisent en demi-finale. Match accroch\u00e9 avec beaucoup d&rsquo;impr\u00e9cision de part et d&rsquo;autre. C&rsquo;est Ali qui sera le moins maladroit et qui se qualifiera pour sa premi\u00e8re finale d&rsquo;un tournoi r\u00e9gionale au 5 quilles. Il affrontera en finale le jeune et talentueux, Julian Astic, champion de France junior en titre, qui r\u00e9ussit la performance de venir \u00e0 bout du redoutable Jules Coupade.<\/p>\n\n\n\n<figure class=\"wp-block-image is-resized\"><img loading=\"lazy\" decoding=\"async\" src=\"http:\/\/cca-lyon.fr\/wp-content\/uploads\/2024\/03\/PHOTO-2024-03-24-11-06-04-844x1024.jpg\" alt=\"\" class=\"wp-image-2559\" width=\"372\" height=\"450\" srcset=\"https:\/\/cca-lyon.fr\/wp-content\/uploads\/2024\/03\/PHOTO-2024-03-24-11-06-04-844x1024.jpg 844w, https:\/\/cca-lyon.fr\/wp-content\/uploads\/2024\/03\/PHOTO-2024-03-24-11-06-04-247x300.jpg 247w, https:\/\/cca-lyon.fr\/wp-content\/uploads\/2024\/03\/PHOTO-2024-03-24-11-06-04-768x931.jpg 768w, https:\/\/cca-lyon.fr\/wp-content\/uploads\/2024\/03\/PHOTO-2024-03-24-11-06-04-41x50.jpg 41w, https:\/\/cca-lyon.fr\/wp-content\/uploads\/2024\/03\/PHOTO-2024-03-24-11-06-04.jpg 1203w\" sizes=\"auto, (max-width: 372px) 100vw, 372px\" \/><\/figure>\n\n\n\n<p>Comme le dit l&rsquo;adage, une finale \u00e7a ne se joue pas \u00e7a se gagne ! <\/p>\n\n\n\n<p>Le match est strat\u00e9gique, aucun des joueurs ne voulant s&rsquo;exposer. Apr\u00e8s avoir pris pr\u00e8s de 30 points d&rsquo;avance et n&rsquo;\u00e9tant qu&rsquo;\u00e0 20 points du but, Ali se met en difficult\u00e9 et remet son adversaire dans le sens du jeu. Heureusement il lui restait suffisamment de lucidit\u00e9 et d&rsquo;avance pour atteindre les 120 points avant son adversaire. Voil\u00e0 le premier tournoi r\u00e9gional remport\u00e9 par le CCA cette saison, ouf !<\/p>\n\n\n\n<p>A l&rsquo;issue de cette saison de 5 quilles tous nos quilleurs sont qualifi\u00e9s pour la finale de ligue qui se d\u00e9roulera au CCA le samedi 27 avril et qui r\u00e9unira les 12 premiers du classement g\u00e9n\u00e9ral que vous pouvez consulter<a href=\"https:\/\/www.billard-auvergne-rhone-alpes.com\/document\/file9408.pdf\"> ICI<\/a>. Les r\u00e9sultats complets de ce tournoi <a href=\"https:\/\/www.billard-auvergne-rhone-alpes.com\/document\/file9409.pdf\">JUSTE LA<\/a>.<\/p>\n\n\n\n<p>Encore une fois une grande convivialit\u00e9 et une organisation sans faille du club de Romans et de Jacky qui a assur\u00e9 la direction de jeu en plus d&rsquo;\u00eatre joueur.<\/p>\n\n\n\n<p style=\"text-align:center\">BRAVO!!!!!!<\/p>\n\n\n\n<div class=\"wp-block-image\"><figure class=\"alignleft is-resized\"><img loading=\"lazy\" decoding=\"async\" src=\"http:\/\/cca-lyon.fr\/wp-content\/uploads\/2019\/01\/A-VENIR.jpg\" alt=\"\" class=\"wp-image-1360\" width=\"144\" height=\"92\" srcset=\"https:\/\/cca-lyon.fr\/wp-content\/uploads\/2019\/01\/A-VENIR.jpg 322w, https:\/\/cca-lyon.fr\/wp-content\/uploads\/2019\/01\/A-VENIR-300x192.jpg 300w\" sizes=\"auto, (max-width: 144px) 100vw, 144px\" \/><\/figure><\/div>\n\n\n\n<p>Cadre : Finale du championnat de France nationale 1 au cadre 47\/2 \u00e0 Montbrison du 29 au 31 mars avec entre autre la participation de Renaud Berrin. <a href=\"https:\/\/www.billard-auvergne-rhone-alpes.com\/fr\/finale-de-france-cadre-47-2-nationale-1_a_1811.html\">ICI<\/a> l&rsquo;affiche.<\/p>\n\n\n\n<p>5 quilles : \u00e0 l&rsquo;ABOL (Ecully) dernier tournoi national du 5 au 7 avril<\/p>\n","protected":false},"excerpt":{"rendered":"<p>Samedi dernier se jouait \u00e0 Romans-sur-Is\u00e8re le cinqui\u00e8me et dernier tournoi r\u00e9gional aux 5 quilles de la saison. Les quilleurs du plateau \u00e9taient de la partie \u00e0 l&rsquo;exception de Laurent qui se m\u00e9nage pour le tournoi national d&rsquo;Ecully le 1er week-end d&rsquo;avril. 32 joueurs \u00e9taient r\u00e9unis et apr\u00e8s une phase de qualification sans encombre&#8230;ou presque, [&hellip;]<\/p>\n","protected":false},"author":4,"featured_media":0,"comment_status":"closed","ping_status":"open","sticky":false,"template":"","format":"standard","meta":{"footnotes":""},"categories":[9,7],"tags":[],"class_list":["post-2561","post","type-post","status-publish","format-standard","hentry","category-competition","category-filactualites"],"_links":{"self":[{"href":"https:\/\/cca-lyon.fr\/index.php\/wp-json\/wp\/v2\/posts\/2561","targetHints":{"allow":["GET"]}}],"collection":[{"href":"https:\/\/cca-lyon.fr\/index.php\/wp-json\/wp\/v2\/posts"}],"about":[{"href":"https:\/\/cca-lyon.fr\/index.php\/wp-json\/wp\/v2\/types\/post"}],"author":[{"embeddable":true,"href":"https:\/\/cca-lyon.fr\/index.php\/wp-json\/wp\/v2\/users\/4"}],"replies":[{"embeddable":true,"href":"https:\/\/cca-lyon.fr\/index.php\/wp-json\/wp\/v2\/comments?post=2561"}],"version-history":[{"count":17,"href":"https:\/\/cca-lyon.fr\/index.php\/wp-json\/wp\/v2\/posts\/2561\/revisions"}],"predecessor-version":[{"id":2579,"href":"https:\/\/cca-lyon.fr\/index.php\/wp-json\/wp\/v2\/posts\/2561\/revisions\/2579"}],"wp:attachment":[{"href":"https:\/\/cca-lyon.fr\/index.php\/wp-json\/wp\/v2\/media?parent=2561"}],"wp:term":[{"taxonomy":"category","embeddable":true,"href":"https:\/\/cca-lyon.fr\/index.php\/wp-json\/wp\/v2\/categories?post=2561"},{"taxonomy":"post_tag","embeddable":true,"href":"https:\/\/cca-lyon.fr\/index.php\/wp-json\/wp\/v2\/tags?post=2561"}],"curies":[{"name":"wp","href":"https:\/\/api.w.org\/{rel}","templated":true}]}}