{"id":2606,"date":"2024-04-30T14:37:12","date_gmt":"2024-04-30T12:37:12","guid":{"rendered":"http:\/\/cca-lyon.fr\/?p=2606"},"modified":"2024-09-19T08:45:35","modified_gmt":"2024-09-19T06:45:35","slug":"finale-de-ligue-5-quilles-2","status":"publish","type":"post","link":"https:\/\/cca-lyon.fr\/index.php\/2024\/04\/30\/finale-de-ligue-5-quilles-2\/","title":{"rendered":"FINALE DE LIGUE 5 QUILLES"},"content":{"rendered":"\n<div class=\"wp-block-image\"><figure class=\"alignleft is-resized\"><img loading=\"lazy\" decoding=\"async\" src=\"http:\/\/cca-lyon.fr\/wp-content\/uploads\/2024\/04\/IMG_1462-1-1024x768.jpg\" alt=\"\" class=\"wp-image-2604\" width=\"356\" height=\"267\" srcset=\"https:\/\/cca-lyon.fr\/wp-content\/uploads\/2024\/04\/IMG_1462-1-1024x768.jpg 1024w, https:\/\/cca-lyon.fr\/wp-content\/uploads\/2024\/04\/IMG_1462-1-300x225.jpg 300w, https:\/\/cca-lyon.fr\/wp-content\/uploads\/2024\/04\/IMG_1462-1-768x576.jpg 768w, https:\/\/cca-lyon.fr\/wp-content\/uploads\/2024\/04\/IMG_1462-1-50x38.jpg 50w\" sizes=\"auto, (max-width: 356px) 100vw, 356px\" \/><\/figure><\/div>\n\n\n\n<p>Samedi dernier, le CCA recevait la finale de ligue 5 quilles\nnationale 1.<\/p>\n\n\n\n<p>Sylvain et Ali repr\u00e9sentaient le club et on esp\u00e9rait qu\u2019ils ram\u00e8neraient\nla coupe \u00e0 la maison comme dit la chanson.<\/p>\n\n\n\n<p>12 joueurs \u00e9taient qualifi\u00e9s r\u00e9partis en 3 poules de 4. Les 2 premiers de chaque poule et les 2 meilleures troisi\u00e8mes sont qualifi\u00e9s pour les \u00bc de finale.<\/p>\n\n\n\n<div class=\"wp-block-image\"><figure class=\"alignleft is-resized\"><img loading=\"lazy\" decoding=\"async\" src=\"http:\/\/cca-lyon.fr\/wp-content\/uploads\/2024\/04\/IMG_1471-1-1024x768.jpg\" alt=\"\" class=\"wp-image-2605\" width=\"349\" height=\"263\" srcset=\"https:\/\/cca-lyon.fr\/wp-content\/uploads\/2024\/04\/IMG_1471-1-1024x768.jpg 1024w, https:\/\/cca-lyon.fr\/wp-content\/uploads\/2024\/04\/IMG_1471-1-300x225.jpg 300w, https:\/\/cca-lyon.fr\/wp-content\/uploads\/2024\/04\/IMG_1471-1-768x576.jpg 768w, https:\/\/cca-lyon.fr\/wp-content\/uploads\/2024\/04\/IMG_1471-1-50x38.jpg 50w\" sizes=\"auto, (max-width: 349px) 100vw, 349px\" \/><figcaption>De gauche \u00e0 droite<br>R\u00e9nato, Xavier, Sylvain et Ali<\/figcaption><\/figure><\/div>\n\n\n\n<p><\/p>\n\n\n\n<p>Du fait du classement d\u2019arriv\u00e9e, nos 2 repr\u00e9sentants se retrouvaient\ndans la m\u00eame poule et s\u2019affrontaient en ouverture de la comp\u00e9tition. C\u2019est\nSylvain qui tire son \u00e9pingle du jeu et remporte sa premi\u00e8re partie qui sera\nsuivie de 2 autres. Il finira 1<sup>er<\/sup> de sa poule alors qu\u2019Ali de son\nc\u00f4t\u00e9 remportait ses 2 matchs suivants.<\/p>\n\n\n\n<p>Bonne nouvelle, nos 2 quilleurs se qualifient sans encombre\npour les \u00bc de finale. Ils \u00e9carteront respectivement Julian Astic et Adrien\nAstic de Romans, pour se faufiler en \u00bd finale. L\u00e0 on croit encore au titre.<\/p>\n\n\n\n<p>En \u00bd finale apr\u00e8s un premier set parfaitement maitris\u00e9,\nSylvain voit son adversaire, Xavier Domingo de Romans, reprendre confiance et\nle coiffer 2 sets \u00e0 1. Sur l\u2019autre billard, Ali lui n\u2019a pas exist\u00e9 contre le\nvainqueur la saison derni\u00e8re, Renato Modafferi, et se fait balayer 2 sets \u00e0 0.<\/p>\n\n\n\n<p>Pas de finale pour nos quilleurs, qui laisseront le titre cette ann\u00e9e \u00e0 Xavier Domingo, qui repr\u00e9sentera la ligue lors de la finale de France \u00e0 Lunel.<\/p>\n\n\n\n<p>Merci \u00e0 Evelyne Brochand de nous avoir concoct\u00e9 un repas d\u00e9licieux, qui ne fait que confirmer aux yeux de ceux qui n&rsquo;\u00e9taient jamais venus au CCA que nous savons recevoir&#8230;..dans tous les sens du terme. <\/p>\n\n\n\n<p>Tous les r\u00e9sultats de cette finale <a href=\"https:\/\/www.billard-auvergne-rhone-alpes.com\/document\/file9448.pdf\">ICI<\/a><\/p>\n\n\n\n<div class=\"wp-block-image\"><figure class=\"alignleft is-resized\"><img loading=\"lazy\" decoding=\"async\" src=\"http:\/\/cca-lyon.fr\/wp-content\/uploads\/2019\/01\/A-VENIR.jpg\" alt=\"\" class=\"wp-image-1360\" width=\"210\" height=\"135\" srcset=\"https:\/\/cca-lyon.fr\/wp-content\/uploads\/2019\/01\/A-VENIR.jpg 322w, https:\/\/cca-lyon.fr\/wp-content\/uploads\/2019\/01\/A-VENIR-300x192.jpg 300w\" sizes=\"auto, (max-width: 210px) 100vw, 210px\" \/><\/figure><\/div>\n\n\n\n<p>5 quilles : <\/p>\n\n\n\n<p>Finale de ligue par \u00e9quipe le 25 mai \u00e0 Chamb\u00e9ry avec notre \u00e9quipe compos\u00e9e de Philippe, Laurent, Sylvain et Ali.<\/p>\n\n\n\n<p><\/p>\n","protected":false},"excerpt":{"rendered":"<p>Samedi dernier, le CCA recevait la finale de ligue 5 quilles nationale 1. Sylvain et Ali repr\u00e9sentaient le club et on esp\u00e9rait qu\u2019ils ram\u00e8neraient la coupe \u00e0 la maison comme dit la chanson. 12 joueurs \u00e9taient qualifi\u00e9s r\u00e9partis en 3 poules de 4. Les 2 premiers de chaque poule et les 2 meilleures troisi\u00e8mes sont [&hellip;]<\/p>\n","protected":false},"author":4,"featured_media":0,"comment_status":"closed","ping_status":"open","sticky":false,"template":"","format":"standard","meta":{"footnotes":""},"categories":[9,7],"tags":[],"class_list":["post-2606","post","type-post","status-publish","format-standard","hentry","category-competition","category-filactualites"],"_links":{"self":[{"href":"https:\/\/cca-lyon.fr\/index.php\/wp-json\/wp\/v2\/posts\/2606","targetHints":{"allow":["GET"]}}],"collection":[{"href":"https:\/\/cca-lyon.fr\/index.php\/wp-json\/wp\/v2\/posts"}],"about":[{"href":"https:\/\/cca-lyon.fr\/index.php\/wp-json\/wp\/v2\/types\/post"}],"author":[{"embeddable":true,"href":"https:\/\/cca-lyon.fr\/index.php\/wp-json\/wp\/v2\/users\/4"}],"replies":[{"embeddable":true,"href":"https:\/\/cca-lyon.fr\/index.php\/wp-json\/wp\/v2\/comments?post=2606"}],"version-history":[{"count":12,"href":"https:\/\/cca-lyon.fr\/index.php\/wp-json\/wp\/v2\/posts\/2606\/revisions"}],"predecessor-version":[{"id":2618,"href":"https:\/\/cca-lyon.fr\/index.php\/wp-json\/wp\/v2\/posts\/2606\/revisions\/2618"}],"wp:attachment":[{"href":"https:\/\/cca-lyon.fr\/index.php\/wp-json\/wp\/v2\/media?parent=2606"}],"wp:term":[{"taxonomy":"category","embeddable":true,"href":"https:\/\/cca-lyon.fr\/index.php\/wp-json\/wp\/v2\/categories?post=2606"},{"taxonomy":"post_tag","embeddable":true,"href":"https:\/\/cca-lyon.fr\/index.php\/wp-json\/wp\/v2\/tags?post=2606"}],"curies":[{"name":"wp","href":"https:\/\/api.w.org\/{rel}","templated":true}]}}