{"id":2957,"date":"2025-07-08T11:56:51","date_gmt":"2025-07-08T09:56:51","guid":{"rendered":"https:\/\/cca-lyon.fr\/?p=2957"},"modified":"2025-07-08T12:08:05","modified_gmt":"2025-07-08T10:08:05","slug":"hoyez-hoyez-le-carom-a-10-ans","status":"publish","type":"post","link":"https:\/\/cca-lyon.fr\/index.php\/2025\/07\/08\/hoyez-hoyez-le-carom-a-10-ans\/","title":{"rendered":"Oy\u00e9 oy\u00e9, LE CAROM A 10 ANS"},"content":{"rendered":"\n<p>Le samedi 5 juillet la section carrom du Cercle des Chefs d\u2019Atelier organisait son 51e tournoi, le dernier dans les locaux historiques de la rue de Crim\u00e9e. C\u2019\u00e9tait aussi l\u2019occasion de f\u00eater les 10 ans d\u2019existence du Carrom \u00e0 Mamani\u00e8re au sein du CCA.<\/p>\n\n\n\n<p>Les amis des clubs de Grenoble et Villefranche \u00e9taient l\u00e0 pour l\u2019occasion.<\/p>\n\n\n\n<p>Dans une ambiance tr\u00e8s conviviale, avec repas partag\u00e9s et musique d\u2019ambiance, on commence \u00e0 jouer en d\u00e9but d\u2019apr\u00e8s-midi pour finir\u2026 tr\u00e8s tard !&nbsp;<\/p>\n\n\n\n<p>15 joueurs en simple, 16 en double.&nbsp;Comme d\u2019habitude les Grenoblois dominent. Lucas Keram remporte son premier titre en simple (en Mamani\u00e8re) face \u00e0 Florian Dufour, mais c\u2019est une toute nouvelle jeune joueuse, Chlo\u00e9 Macchi, qui pour une premi\u00e8re participation gagne la finale du double avec Thierry Dusausoit face \u00e0 Marie Lafitte (nouvelle elle aussi) et L\u00e9o Dusausoit !&nbsp;Prochain tournoi \u00e0 l\u2019automne pour inaugurer les nouveaux locaux cours du G\u00e9n\u00e9ral Giraud !<\/p>\n\n\n\n<figure class=\"wp-block-gallery has-nested-images columns-default is-cropped wp-block-gallery-1 is-layout-flex wp-block-gallery-is-layout-flex\">\n<figure class=\"wp-block-image size-large\"><img loading=\"lazy\" decoding=\"async\" width=\"640\" height=\"481\" data-id=\"2959\" src=\"https:\/\/cca-lyon.fr\/wp-content\/uploads\/2025\/07\/P1140271.jpeg\" alt=\"\" class=\"wp-image-2959\" srcset=\"https:\/\/cca-lyon.fr\/wp-content\/uploads\/2025\/07\/P1140271.jpeg 640w, https:\/\/cca-lyon.fr\/wp-content\/uploads\/2025\/07\/P1140271-300x225.jpeg 300w, https:\/\/cca-lyon.fr\/wp-content\/uploads\/2025\/07\/P1140271-50x38.jpeg 50w\" sizes=\"auto, (max-width: 640px) 100vw, 640px\" \/><\/figure>\n\n\n\n<figure class=\"wp-block-image size-large\"><img loading=\"lazy\" decoding=\"async\" width=\"640\" height=\"481\" data-id=\"2960\" src=\"https:\/\/cca-lyon.fr\/wp-content\/uploads\/2025\/07\/P1140281.jpeg\" alt=\"\" class=\"wp-image-2960\" srcset=\"https:\/\/cca-lyon.fr\/wp-content\/uploads\/2025\/07\/P1140281.jpeg 640w, https:\/\/cca-lyon.fr\/wp-content\/uploads\/2025\/07\/P1140281-300x225.jpeg 300w, https:\/\/cca-lyon.fr\/wp-content\/uploads\/2025\/07\/P1140281-50x38.jpeg 50w\" sizes=\"auto, (max-width: 640px) 100vw, 640px\" \/><\/figure>\n\n\n\n<figure class=\"wp-block-image size-large\"><img loading=\"lazy\" decoding=\"async\" width=\"640\" height=\"481\" data-id=\"2958\" src=\"https:\/\/cca-lyon.fr\/wp-content\/uploads\/2025\/07\/P1140283.jpeg\" alt=\"\" class=\"wp-image-2958\" srcset=\"https:\/\/cca-lyon.fr\/wp-content\/uploads\/2025\/07\/P1140283.jpeg 640w, https:\/\/cca-lyon.fr\/wp-content\/uploads\/2025\/07\/P1140283-300x225.jpeg 300w, https:\/\/cca-lyon.fr\/wp-content\/uploads\/2025\/07\/P1140283-50x38.jpeg 50w\" sizes=\"auto, (max-width: 640px) 100vw, 640px\" \/><\/figure>\n\n\n\n<figure class=\"wp-block-image size-large\"><img loading=\"lazy\" decoding=\"async\" width=\"640\" height=\"481\" data-id=\"2961\" src=\"https:\/\/cca-lyon.fr\/wp-content\/uploads\/2025\/07\/P1140285.jpeg\" alt=\"\" class=\"wp-image-2961\" srcset=\"https:\/\/cca-lyon.fr\/wp-content\/uploads\/2025\/07\/P1140285.jpeg 640w, https:\/\/cca-lyon.fr\/wp-content\/uploads\/2025\/07\/P1140285-300x225.jpeg 300w, https:\/\/cca-lyon.fr\/wp-content\/uploads\/2025\/07\/P1140285-50x38.jpeg 50w\" sizes=\"auto, (max-width: 640px) 100vw, 640px\" \/><\/figure>\n<\/figure>\n","protected":false},"excerpt":{"rendered":"<p>Le samedi 5 juillet la section carrom du Cercle des Chefs d\u2019Atelier organisait son 51e tournoi, le dernier dans les locaux historiques de la rue de Crim\u00e9e. C\u2019\u00e9tait aussi l\u2019occasion de f\u00eater les 10 ans d\u2019existence du Carrom \u00e0 Mamani\u00e8re au sein du CCA. Les amis des clubs de Grenoble et Villefranche \u00e9taient l\u00e0 pour [&hellip;]<\/p>\n","protected":false},"author":4,"featured_media":0,"comment_status":"closed","ping_status":"open","sticky":false,"template":"","format":"standard","meta":{"footnotes":""},"categories":[7],"tags":[],"class_list":["post-2957","post","type-post","status-publish","format-standard","hentry","category-filactualites"],"_links":{"self":[{"href":"https:\/\/cca-lyon.fr\/index.php\/wp-json\/wp\/v2\/posts\/2957","targetHints":{"allow":["GET"]}}],"collection":[{"href":"https:\/\/cca-lyon.fr\/index.php\/wp-json\/wp\/v2\/posts"}],"about":[{"href":"https:\/\/cca-lyon.fr\/index.php\/wp-json\/wp\/v2\/types\/post"}],"author":[{"embeddable":true,"href":"https:\/\/cca-lyon.fr\/index.php\/wp-json\/wp\/v2\/users\/4"}],"replies":[{"embeddable":true,"href":"https:\/\/cca-lyon.fr\/index.php\/wp-json\/wp\/v2\/comments?post=2957"}],"version-history":[{"count":3,"href":"https:\/\/cca-lyon.fr\/index.php\/wp-json\/wp\/v2\/posts\/2957\/revisions"}],"predecessor-version":[{"id":2966,"href":"https:\/\/cca-lyon.fr\/index.php\/wp-json\/wp\/v2\/posts\/2957\/revisions\/2966"}],"wp:attachment":[{"href":"https:\/\/cca-lyon.fr\/index.php\/wp-json\/wp\/v2\/media?parent=2957"}],"wp:term":[{"taxonomy":"category","embeddable":true,"href":"https:\/\/cca-lyon.fr\/index.php\/wp-json\/wp\/v2\/categories?post=2957"},{"taxonomy":"post_tag","embeddable":true,"href":"https:\/\/cca-lyon.fr\/index.php\/wp-json\/wp\/v2\/tags?post=2957"}],"curies":[{"name":"wp","href":"https:\/\/api.w.org\/{rel}","templated":true}]}}