{"id":2989,"date":"2025-09-28T14:52:05","date_gmt":"2025-09-28T12:52:05","guid":{"rendered":"https:\/\/cca-lyon.fr\/?p=2989"},"modified":"2025-10-08T07:47:28","modified_gmt":"2025-10-08T05:47:28","slug":"ca-repart","status":"publish","type":"post","link":"https:\/\/cca-lyon.fr\/index.php\/2025\/09\/28\/ca-repart\/","title":{"rendered":"CA REPART"},"content":{"rendered":"\n<p>Et voil\u00e0 la saison \u00e0 peine lanc\u00e9e que nos comp\u00e9titeurs se mettent d\u00e9j\u00e0 en valeur.<\/p>\n\n\n<div class=\"wp-block-image\">\n<figure class=\"alignleft size-full is-resized\"><img loading=\"lazy\" decoding=\"async\" width=\"379\" height=\"380\" src=\"https:\/\/cca-lyon.fr\/wp-content\/uploads\/2019\/11\/bravo2.jpg\" alt=\"\" class=\"wp-image-1612\" style=\"width:226px;height:auto\" srcset=\"https:\/\/cca-lyon.fr\/wp-content\/uploads\/2019\/11\/bravo2.jpg 379w, https:\/\/cca-lyon.fr\/wp-content\/uploads\/2019\/11\/bravo2-150x150.jpg 150w, https:\/\/cca-lyon.fr\/wp-content\/uploads\/2019\/11\/bravo2-300x300.jpg 300w\" sizes=\"auto, (max-width: 379px) 100vw, 379px\" \/><\/figure>\n<\/div>\n\n\n<p>C&rsquo;est la partie libre r\u00e9gionale 2 qui ouvre le bal cette saison. Lou et Michel se d\u00e9pla\u00e7aient \u00e0 Ecully et y ont fait des \u00e9tincelles en briguant les 2 premi\u00e8res places du classement g\u00e9n\u00e9ral avec respectivement 3.36 et 3.26 de moyenne g\u00e9n\u00e9rale. De bonne augure pour la suite. Feuille de match du matin <a href=\"https:\/\/www.telemat.org\/FFBI\/sif\/?cs=4.fdcfb8b7ca5baff65bd493741068c3c6bec6e338d1116895f1ba90f446ae0170aecd2eac1c1650c638d53fd2981c3b930d3f\">ICI<\/a>, feuille de match de l&rsquo;apr\u00e8s-midi <a href=\"https:\/\/www.telemat.org\/FFBI\/sif\/?cs=4.fdcdb8b7ca5baff65bd493741068c3c6bec6e338d1116895f1ba90f446ae0170aecd3067ec03f6fbd089a1141f6b4b4b015b\">ICI<\/a>. <\/p>\n\n\n\n<p>La suite des r\u00e9sultats se trouve <a href=\"https:\/\/cca-lyon.fr\/index.php\/2025\/10\/07\/regardez-plus-haut-svp\/\">LA<\/a> !<\/p>\n\n\n\n<p><\/p>\n\n\n\n<p><\/p>\n\n\n\n<p><\/p>\n","protected":false},"excerpt":{"rendered":"<p>Et voil\u00e0 la saison \u00e0 peine lanc\u00e9e que nos comp\u00e9titeurs se mettent d\u00e9j\u00e0 en valeur. C&rsquo;est la partie libre r\u00e9gionale 2 qui ouvre le bal cette saison. Lou et Michel se d\u00e9pla\u00e7aient \u00e0 Ecully et y ont fait des \u00e9tincelles en briguant les 2 premi\u00e8res places du classement g\u00e9n\u00e9ral avec respectivement 3.36 et 3.26 de [&hellip;]<\/p>\n","protected":false},"author":4,"featured_media":0,"comment_status":"closed","ping_status":"open","sticky":false,"template":"","format":"standard","meta":{"footnotes":""},"categories":[9,7],"tags":[],"class_list":["post-2989","post","type-post","status-publish","format-standard","hentry","category-competition","category-filactualites"],"_links":{"self":[{"href":"https:\/\/cca-lyon.fr\/index.php\/wp-json\/wp\/v2\/posts\/2989","targetHints":{"allow":["GET"]}}],"collection":[{"href":"https:\/\/cca-lyon.fr\/index.php\/wp-json\/wp\/v2\/posts"}],"about":[{"href":"https:\/\/cca-lyon.fr\/index.php\/wp-json\/wp\/v2\/types\/post"}],"author":[{"embeddable":true,"href":"https:\/\/cca-lyon.fr\/index.php\/wp-json\/wp\/v2\/users\/4"}],"replies":[{"embeddable":true,"href":"https:\/\/cca-lyon.fr\/index.php\/wp-json\/wp\/v2\/comments?post=2989"}],"version-history":[{"count":8,"href":"https:\/\/cca-lyon.fr\/index.php\/wp-json\/wp\/v2\/posts\/2989\/revisions"}],"predecessor-version":[{"id":3004,"href":"https:\/\/cca-lyon.fr\/index.php\/wp-json\/wp\/v2\/posts\/2989\/revisions\/3004"}],"wp:attachment":[{"href":"https:\/\/cca-lyon.fr\/index.php\/wp-json\/wp\/v2\/media?parent=2989"}],"wp:term":[{"taxonomy":"category","embeddable":true,"href":"https:\/\/cca-lyon.fr\/index.php\/wp-json\/wp\/v2\/categories?post=2989"},{"taxonomy":"post_tag","embeddable":true,"href":"https:\/\/cca-lyon.fr\/index.php\/wp-json\/wp\/v2\/tags?post=2989"}],"curies":[{"name":"wp","href":"https:\/\/api.w.org\/{rel}","templated":true}]}}