{"id":2995,"date":"2025-10-07T13:40:18","date_gmt":"2025-10-07T11:40:18","guid":{"rendered":"https:\/\/cca-lyon.fr\/?p=2995"},"modified":"2025-10-08T07:53:09","modified_gmt":"2025-10-08T05:53:09","slug":"regardez-plus-haut-svp","status":"publish","type":"post","link":"https:\/\/cca-lyon.fr\/index.php\/2025\/10\/07\/regardez-plus-haut-svp\/","title":{"rendered":"Regardez plus haut svp"},"content":{"rendered":"\n<p>Mais quel week-end pour le CCA.<\/p>\n\n\n\n<p>Nos comp\u00e9titeurs \u00e9taient r\u00e9partis sur plusieurs fronts. Dispers\u00e9s entre Tarare, Bourgoin Jallieu et Annoeullin.<\/p>\n\n\n\n<p>Partout o\u00f9 ils se sont produits, ils ont brill\u00e9s.<\/p>\n\n\n<div class=\"wp-block-image\">\n<figure class=\"alignleft size-full is-resized\"><img loading=\"lazy\" decoding=\"async\" width=\"394\" height=\"394\" src=\"https:\/\/cca-lyon.fr\/wp-content\/uploads\/2016\/09\/Libre-R4.jpg\" alt=\"\" class=\"wp-image-691\" style=\"width:199px;height:auto\" srcset=\"https:\/\/cca-lyon.fr\/wp-content\/uploads\/2016\/09\/Libre-R4.jpg 394w, https:\/\/cca-lyon.fr\/wp-content\/uploads\/2016\/09\/Libre-R4-150x150.jpg 150w, https:\/\/cca-lyon.fr\/wp-content\/uploads\/2016\/09\/Libre-R4-300x300.jpg 300w\" sizes=\"auto, (max-width: 394px) 100vw, 394px\" \/><\/figure>\n<\/div>\n\n\n<p>Dans cette cat\u00e9gorie nous avions un petits nouveau, en la personne de Philippe Pennetier.<\/p>\n\n\n\n<p>Philippe ne conc\u00e8dera qu&rsquo;un seule d\u00e9faite sur ses 4 parties et affiche d\u00e9j\u00e0 une belle moyenne de 1,07, de bonne augure pour la suite. <a href=\"https:\/\/www.telemat.org\/FFBI\/sif\/?cs=4.f0c6b8b7ca5baff65bd493741068c3c6bec6ac7e89049d6a2f8a7f26f2038f0d2ac08cebb37e8add61ceb63f851324322978\">ICI<\/a> et <a href=\"https:\/\/www.telemat.org\/FFBI\/sif\/?cs=4.f2cbb8b7ca5baff65bd493741068c3c6bec639bbd0240e4b886b3a60751e411712145eaeb5977f5d527bf0f1316b3c08182e\">LA<\/a> les feuilles de match<\/p>\n\n\n\n<p>Evelyne Carret et Thierry Trophardy \u00e9taient \u00e9galement de sorti pour connaitre leurs premiers frissons de la saison. Evelyne apr\u00e8s une matin\u00e9e compliqu\u00e9e redressera la barre en affichant une belle victoire \u00e0 1,10 et Thierry quant \u00e0 lui, ne fera pas de d\u00e9tail et remportera ses 4 parties et affiche une moyenne de 1,10. Juste <a href=\"https:\/\/www.telemat.org\/FFBI\/sif\/?cs=4.f2cbb8b7ca5baff65bd493741068c3c6bec639bbd0240e4b886b3a60751e411712145eaeb5977f5d527bf0f1316b3c08182e\">ICI<\/a> et <a href=\"https:\/\/www.telemat.org\/FFBI\/sif\/?cs=4.f0c6b8b7ca5baff65bd493741068c3c6bec6ac7e89049d6a2f8a7f26f2038f0d2ac08cebb37e8add61ceb63f851324322978\">LA<\/a> les r\u00e9sultats et<a href=\"https:\/\/www.billard-auvergne-rhone-alpes.com\/document\/file10056.pdf\"> ICI le classement apr\u00e8s cette premi\u00e8re phase (page 2)<\/a><\/p>\n\n\n<div class=\"wp-block-image\">\n<figure class=\"alignleft size-large is-resized\"><img loading=\"lazy\" decoding=\"async\" width=\"1024\" height=\"768\" src=\"https:\/\/cca-lyon.fr\/wp-content\/uploads\/2025\/01\/IMG_40881-1024x768.jpg\" alt=\"\" class=\"wp-image-2827\" style=\"width:368px;height:auto\" srcset=\"https:\/\/cca-lyon.fr\/wp-content\/uploads\/2025\/01\/IMG_40881-1024x768.jpg 1024w, https:\/\/cca-lyon.fr\/wp-content\/uploads\/2025\/01\/IMG_40881-300x225.jpg 300w, https:\/\/cca-lyon.fr\/wp-content\/uploads\/2025\/01\/IMG_40881-768x576.jpg 768w, https:\/\/cca-lyon.fr\/wp-content\/uploads\/2025\/01\/IMG_40881-1536x1152.jpg 1536w, https:\/\/cca-lyon.fr\/wp-content\/uploads\/2025\/01\/IMG_40881-2048x1536.jpg 2048w, https:\/\/cca-lyon.fr\/wp-content\/uploads\/2025\/01\/IMG_40881-50x38.jpg 50w\" sizes=\"auto, (max-width: 1024px) 100vw, 1024px\" \/><\/figure>\n<\/div>\n\n\n<p>Les quilleurs du plateau \u00e9taient dans le Chnor, \u00e0 Annoeullin, dans la r\u00e9gion de Lille, pour le premier tournoi master aux 5 quilles de la saison.<\/p>\n\n\n\n<p>Jules, de par son classement de d\u00e9part \u00e9tait d\u00e9j\u00e0 revers\u00e9 dans le tournoi master et Philippe et Ali l&rsquo;ont rejoint \u00e0 l&rsquo;issu des phases de qualifications du vendredi.<\/p>\n\n\n\n<p>Il faut noter que c&rsquo;est la premi\u00e8re fois que 3 joueurs du CCA sont qualifi\u00e9s dans un tournoi master en m\u00eame temps. Seul Morangis, qui compte dans ses rangs des internationaux fait aussi bien, c&rsquo;est dire le niveau de nos quilleurs.<\/p>\n\n\n\n<p>Les joueurs sont r\u00e9partis en 4 poules de 5 joueurs et seule les 2 premiers de chaque poule sont qualifi\u00e9s pour les 1\/4 de finale. Philippe se classera 4eme et Ali 3eme de leur poule respective et assisteront \u00e0 la suite  de la comp\u00e9tition depuis les tribunes. Et quelle suite. Jules, apr\u00e8s s&rsquo;\u00eatre inclin\u00e9 en phase de poule contre Philippe (ils sont tomb\u00e9s dans la m\u00eame poule), ne laissera que des miettes \u00e0 ses adversaires et ne connaitra plus la d\u00e9faite. Apr\u00e8s avoir battu respectivement le num\u00e9ro 2, puis le num\u00e9ro 6 et enfin le num\u00e9ro 3 fran\u00e7ais, Jules s&rsquo;adjuge la victoire de ce premier tournoi de la saison. Une performance XXL car remporter ce type de tournoi apr\u00e8s seulement 10 participations \u00e0 des tournois master, j&rsquo;ai envie de penser que c&rsquo;est du jamais vu ! <\/p>\n\n\n\n<p>Sur 77 participants ,  Jules se classe 1er, Ali 10eme et Philippe 16eme. <a href=\"https:\/\/5quilles.ffbillard.com\/assets\/data\/results\/2\/2025-2026\/1\/2\/T\/1\/TN1%205%20Quilles%202025-2026.pdf\">ICI<\/a> les r\u00e9sultats complets. <\/p>\n\n\n<div class=\"wp-block-image\">\n<figure class=\"alignleft size-full is-resized\"><img loading=\"lazy\" decoding=\"async\" width=\"322\" height=\"206\" src=\"https:\/\/cca-lyon.fr\/wp-content\/uploads\/2019\/01\/A-VENIR.jpg\" alt=\"\" class=\"wp-image-1360\" style=\"width:178px;height:auto\" srcset=\"https:\/\/cca-lyon.fr\/wp-content\/uploads\/2019\/01\/A-VENIR.jpg 322w, https:\/\/cca-lyon.fr\/wp-content\/uploads\/2019\/01\/A-VENIR-300x192.jpg 300w\" sizes=\"auto, (max-width: 322px) 100vw, 322px\" \/><\/figure>\n<\/div>\n\n\n<p>Libre nationale 3 le 11 octobre : Patrick Sillans jouera \u00e0 Gaillard (74) pour le premier tournoi de la saison.<\/p>\n\n\n\n<p>Libre r\u00e9gionale 3 le 11 octobre : Paul-Gabriel jouera \u00e0 Ecully, Thierry Godinot, Bruno Guerrier et Thomas Bleton joueront au CCA.<\/p>\n\n\n\n<p><strong>Ils seront en repr\u00e9sentation toute la journ\u00e9e au CCA alors passez les encourager!!!!!!!!!!<\/strong><\/p>\n\n\n\n<p><\/p>\n","protected":false},"excerpt":{"rendered":"<p>Mais quel week-end pour le CCA. Nos comp\u00e9titeurs \u00e9taient r\u00e9partis sur plusieurs fronts. Dispers\u00e9s entre Tarare, Bourgoin Jallieu et Annoeullin. Partout o\u00f9 ils se sont produits, ils ont brill\u00e9s. Dans cette cat\u00e9gorie nous avions un petits nouveau, en la personne de Philippe Pennetier. Philippe ne conc\u00e8dera qu&rsquo;un seule d\u00e9faite sur ses 4 parties et affiche [&hellip;]<\/p>\n","protected":false},"author":4,"featured_media":0,"comment_status":"closed","ping_status":"open","sticky":false,"template":"","format":"standard","meta":{"footnotes":""},"categories":[9,7],"tags":[],"class_list":["post-2995","post","type-post","status-publish","format-standard","hentry","category-competition","category-filactualites"],"_links":{"self":[{"href":"https:\/\/cca-lyon.fr\/index.php\/wp-json\/wp\/v2\/posts\/2995","targetHints":{"allow":["GET"]}}],"collection":[{"href":"https:\/\/cca-lyon.fr\/index.php\/wp-json\/wp\/v2\/posts"}],"about":[{"href":"https:\/\/cca-lyon.fr\/index.php\/wp-json\/wp\/v2\/types\/post"}],"author":[{"embeddable":true,"href":"https:\/\/cca-lyon.fr\/index.php\/wp-json\/wp\/v2\/users\/4"}],"replies":[{"embeddable":true,"href":"https:\/\/cca-lyon.fr\/index.php\/wp-json\/wp\/v2\/comments?post=2995"}],"version-history":[{"count":6,"href":"https:\/\/cca-lyon.fr\/index.php\/wp-json\/wp\/v2\/posts\/2995\/revisions"}],"predecessor-version":[{"id":3005,"href":"https:\/\/cca-lyon.fr\/index.php\/wp-json\/wp\/v2\/posts\/2995\/revisions\/3005"}],"wp:attachment":[{"href":"https:\/\/cca-lyon.fr\/index.php\/wp-json\/wp\/v2\/media?parent=2995"}],"wp:term":[{"taxonomy":"category","embeddable":true,"href":"https:\/\/cca-lyon.fr\/index.php\/wp-json\/wp\/v2\/categories?post=2995"},{"taxonomy":"post_tag","embeddable":true,"href":"https:\/\/cca-lyon.fr\/index.php\/wp-json\/wp\/v2\/tags?post=2995"}],"curies":[{"name":"wp","href":"https:\/\/api.w.org\/{rel}","templated":true}]}}