{"id":3174,"date":"2026-04-24T13:43:10","date_gmt":"2026-04-24T11:43:10","guid":{"rendered":"https:\/\/cca-lyon.fr\/?p=3174"},"modified":"2026-04-24T13:43:10","modified_gmt":"2026-04-24T11:43:10","slug":"le-cca-entre-apprentissage-et-performances","status":"publish","type":"post","link":"https:\/\/cca-lyon.fr\/index.php\/2026\/04\/24\/le-cca-entre-apprentissage-et-performances\/","title":{"rendered":"Le CCA entre apprentissage et performances"},"content":{"rendered":"<div class=\"wp-block-image\">\n<figure class=\"alignleft size-large is-resized\"><img loading=\"lazy\" decoding=\"async\" width=\"1024\" height=\"768\" src=\"https:\/\/cca-lyon.fr\/wp-content\/uploads\/2026\/04\/magali-1-1024x768.jpg\" alt=\"\" class=\"wp-image-3189\" style=\"width:462px;height:auto\" srcset=\"https:\/\/cca-lyon.fr\/wp-content\/uploads\/2026\/04\/magali-1-1024x768.jpg 1024w, https:\/\/cca-lyon.fr\/wp-content\/uploads\/2026\/04\/magali-1-300x225.jpg 300w, https:\/\/cca-lyon.fr\/wp-content\/uploads\/2026\/04\/magali-1-768x576.jpg 768w, https:\/\/cca-lyon.fr\/wp-content\/uploads\/2026\/04\/magali-1-1536x1152.jpg 1536w, https:\/\/cca-lyon.fr\/wp-content\/uploads\/2026\/04\/magali-1-50x38.jpg 50w, https:\/\/cca-lyon.fr\/wp-content\/uploads\/2026\/04\/magali-1.jpg 1600w\" sizes=\"auto, (max-width: 1024px) 100vw, 1024px\" \/><\/figure>\n<\/div>\n\n\n<p>Les 11 et 12 avril, le CCA a v\u00e9cu un week-end plac\u00e9 sous le signe de l\u2019apprentissage et du partage, avec la pr\u00e9sence exceptionnelle de Magali Declunder, figure embl\u00e9matique du billard fran\u00e7ais.<\/p>\n\n\n\n<p>Dans une ambiance \u00e0 la fois studieuse et conviviale, les participants ont pu b\u00e9n\u00e9ficier de pr\u00e9cieux conseils et approfondir leur pratique. Ce temps d\u2019\u00e9change et de transmission devrait, sans aucun doute, permettre \u00e0 chacun de progresser et de continuer \u00e0 s\u2019\u00e9panouir dans sa discipline.<\/p>\n\n\n\n<p>De l\u2019avis de tous, cette belle initiative est une r\u00e9ussite\u2026 et m\u00e9rite d\u2019\u00eatre renouvel\u00e9e !<\/p>\n\n\n<div class=\"wp-block-image\">\n<figure class=\"alignleft size-full is-resized\"><img loading=\"lazy\" decoding=\"async\" width=\"936\" height=\"696\" src=\"https:\/\/cca-lyon.fr\/wp-content\/uploads\/2026\/04\/arbitrage-1.png\" alt=\"\" class=\"wp-image-3190\" style=\"aspect-ratio:1.3448741682093361;width:464px;height:auto\" srcset=\"https:\/\/cca-lyon.fr\/wp-content\/uploads\/2026\/04\/arbitrage-1.png 936w, https:\/\/cca-lyon.fr\/wp-content\/uploads\/2026\/04\/arbitrage-1-300x223.png 300w, https:\/\/cca-lyon.fr\/wp-content\/uploads\/2026\/04\/arbitrage-1-768x571.png 768w, https:\/\/cca-lyon.fr\/wp-content\/uploads\/2026\/04\/arbitrage-1-50x37.png 50w\" sizes=\"auto, (max-width: 936px) 100vw, 936px\" \/><\/figure>\n<\/div>\n\n\n<p>Le CCA poursuit son engagement avec s\u00e9rieux et curiosit\u00e9. C\u00e9cile, Thierry T, Pascal et Philippe P ont r\u00e9cemment particip\u00e9 \u00e0 une session d\u2019arbitrage organis\u00e9e \u00e0 Villefranche, sous la conduite de Philippe Arnaud, responsable de la commission arbitrage de la ligue.<\/p>\n\n\n\n<p>Cette formation a \u00e9t\u00e9 l\u2019occasion pour chacun de d\u00e9couvrir de nouvelles facettes du billard, dans une ambiance \u00e0 la fois studieuse et conviviale. Entre notions techniques et vocabulaire sp\u00e9cifique \u2014 \u00e0 cheval, entr\u00e9, libre \u2014 les participants ont enrichi leurs connaissances avec enthousiasme.<\/p>\n\n\n\n<p>Une belle d\u00e9marche qui illustre l\u2019implication des membres du CCA, toujours d\u00e9sireux d\u2019apprendre et de contribuer \u00e0 la vie du club.<\/p>\n\n\n\n<p><\/p>\n\n\n<div class=\"wp-block-image\">\n<figure class=\"alignleft size-large is-resized\"><img loading=\"lazy\" decoding=\"async\" width=\"1024\" height=\"768\" src=\"https:\/\/cca-lyon.fr\/wp-content\/uploads\/2025\/12\/lou-1024x768.jpg\" alt=\"\" class=\"wp-image-3098\" style=\"width:464px;height:auto\" srcset=\"https:\/\/cca-lyon.fr\/wp-content\/uploads\/2025\/12\/lou-1024x768.jpg 1024w, https:\/\/cca-lyon.fr\/wp-content\/uploads\/2025\/12\/lou-300x225.jpg 300w, https:\/\/cca-lyon.fr\/wp-content\/uploads\/2025\/12\/lou-768x576.jpg 768w, https:\/\/cca-lyon.fr\/wp-content\/uploads\/2025\/12\/lou-1536x1152.jpg 1536w, https:\/\/cca-lyon.fr\/wp-content\/uploads\/2025\/12\/lou-2048x1536.jpg 2048w, https:\/\/cca-lyon.fr\/wp-content\/uploads\/2025\/12\/lou-50x38.jpg 50w\" sizes=\"auto, (max-width: 1024px) 100vw, 1024px\" \/><\/figure>\n<\/div>\n\n\n<p>Pas de m\u00e9daille pour Michel cette saison lors de la finale de district libre r\u00e9gionale 2 \u00e0 Saint-fons. Tant pis, mais on retiendra une bien belle ann\u00e9e de comp\u00e9tition avec une grande marge de manoeuvre qui lui permettra de relever encore son niveau de jeu.<\/p>\n\n\n\n<p><a href=\"https:\/\/www.telemat.org\/FFBI\/sif\/?cs=4.fcc8b8b7ca5baff65bd493741068c3c6bec6ed0455dd31313da3f1869d135a4817ab562af50067450c63eb5472c3516cdcc8\">ICI<\/a> la feuille de match.<\/p>\n\n\n\n<p><\/p>\n\n\n\n<p><\/p>\n\n\n<div class=\"wp-block-image\">\n<figure class=\"alignleft size-large is-resized\"><img loading=\"lazy\" decoding=\"async\" width=\"768\" height=\"1024\" src=\"https:\/\/cca-lyon.fr\/wp-content\/uploads\/2026\/04\/podium-768x1024.jpeg\" alt=\"\" class=\"wp-image-3181\" style=\"aspect-ratio:0.750007629627369;width:461px;height:auto\" srcset=\"https:\/\/cca-lyon.fr\/wp-content\/uploads\/2026\/04\/podium-768x1024.jpeg 768w, https:\/\/cca-lyon.fr\/wp-content\/uploads\/2026\/04\/podium-225x300.jpeg 225w, https:\/\/cca-lyon.fr\/wp-content\/uploads\/2026\/04\/podium-1152x1536.jpeg 1152w, https:\/\/cca-lyon.fr\/wp-content\/uploads\/2026\/04\/podium-1536x2048.jpeg 1536w, https:\/\/cca-lyon.fr\/wp-content\/uploads\/2026\/04\/podium-38x50.jpeg 38w, https:\/\/cca-lyon.fr\/wp-content\/uploads\/2026\/04\/podium-scaled.jpeg 1920w\" sizes=\"auto, (max-width: 768px) 100vw, 768px\" \/><\/figure>\n<\/div>\n\n\n<p>La perf\u2019 du week-end est sign\u00e9e par l\u2019\u00e9quipe 5 quilles du CCA \u2014 Jules, Sylvain, Philippe et Ali \u2014 engag\u00e9e en finale du Championnat de France par \u00e9quipes 1\u00e8re division \u00e0 Laxou, les 11 et 12 avril.<\/p>\n\n\n\n<p>Rest\u00e9s au pied du podium l\u2019an pass\u00e9, les quilleurs du plateau avaient une revanche \u00e0 prendre. Hors de question de revivre la m\u00eame d\u00e9sillusion. D\u00e8s le d\u00e9part, le d\u00e9fi est de taille : il faut faire tomber une \u00e9quipe favorite, arm\u00e9e de certains des meilleurs joueurs fran\u00e7ais. Mission accomplie ! C\u2019est avec le sourire et une qualification en poche que le CCA boucle la premi\u00e8re journ\u00e9e, s\u2019offrant le droit de jouer le titre.<\/p>\n\n\n\n<p>Place \u00e0 la finale. En face, un monument : l\u2019ogre de Laxou, triple champion de France et champion d\u2019Europe en titre. Mais les CCAistes y croient \u2014 apr\u00e8s tout, ils avaient d\u00e9j\u00e0 r\u00e9alis\u00e9 l\u2019exploit de les battre en janvier lors des qualifications. Pourquoi pas un doubl\u00e9 ?<\/p>\n\n\n\n<p>Cette fois, Laxou ne tremble pas et impose sa loi. Score final sans appel : 3-0. Malgr\u00e9 la d\u00e9faite, le CCA conclut un week-end exceptionnel et repart avec une superbe m\u00e9daille d\u2019argent. De quoi nourrir encore plus l\u2019ambition : aller chercher l\u2019or la saison prochaine.<\/p>\n","protected":false},"excerpt":{"rendered":"<p>Les 11 et 12 avril, le CCA a v\u00e9cu un week-end plac\u00e9 sous le signe de l\u2019apprentissage et du partage, avec la pr\u00e9sence exceptionnelle de Magali Declunder, figure embl\u00e9matique du billard fran\u00e7ais. Dans une ambiance \u00e0 la fois studieuse et conviviale, les participants ont pu b\u00e9n\u00e9ficier de pr\u00e9cieux conseils et approfondir leur pratique. Ce temps [&hellip;]<\/p>\n","protected":false},"author":4,"featured_media":0,"comment_status":"closed","ping_status":"open","sticky":false,"template":"","format":"standard","meta":{"footnotes":""},"categories":[1],"tags":[],"class_list":["post-3174","post","type-post","status-publish","format-standard","hentry","category-non-classe"],"_links":{"self":[{"href":"https:\/\/cca-lyon.fr\/index.php\/wp-json\/wp\/v2\/posts\/3174","targetHints":{"allow":["GET"]}}],"collection":[{"href":"https:\/\/cca-lyon.fr\/index.php\/wp-json\/wp\/v2\/posts"}],"about":[{"href":"https:\/\/cca-lyon.fr\/index.php\/wp-json\/wp\/v2\/types\/post"}],"author":[{"embeddable":true,"href":"https:\/\/cca-lyon.fr\/index.php\/wp-json\/wp\/v2\/users\/4"}],"replies":[{"embeddable":true,"href":"https:\/\/cca-lyon.fr\/index.php\/wp-json\/wp\/v2\/comments?post=3174"}],"version-history":[{"count":13,"href":"https:\/\/cca-lyon.fr\/index.php\/wp-json\/wp\/v2\/posts\/3174\/revisions"}],"predecessor-version":[{"id":3193,"href":"https:\/\/cca-lyon.fr\/index.php\/wp-json\/wp\/v2\/posts\/3174\/revisions\/3193"}],"wp:attachment":[{"href":"https:\/\/cca-lyon.fr\/index.php\/wp-json\/wp\/v2\/media?parent=3174"}],"wp:term":[{"taxonomy":"category","embeddable":true,"href":"https:\/\/cca-lyon.fr\/index.php\/wp-json\/wp\/v2\/categories?post=3174"},{"taxonomy":"post_tag","embeddable":true,"href":"https:\/\/cca-lyon.fr\/index.php\/wp-json\/wp\/v2\/tags?post=3174"}],"curies":[{"name":"wp","href":"https:\/\/api.w.org\/{rel}","templated":true}]}}